{"id":11664,"date":"2024-06-05T12:23:16","date_gmt":"2024-06-05T10:23:16","guid":{"rendered":"https:\/\/hiros.be\/?p=11664"},"modified":"2024-06-05T12:23:17","modified_gmt":"2024-06-05T10:23:17","slug":"rencontre-publique-service-de-mots-bruxelles","status":"publish","type":"post","link":"https:\/\/hiros.be\/fr\/rencontre-publique-service-de-mots-bruxelles\/","title":{"rendered":"Rencontre publique service de mots Bruxelles"},"content":{"rendered":"\n<p>05.06.2024 \u2013 D&rsquo;avril \u00e0 juin, le <em><a href=\"https:\/\/hiros.be\/fr\/project\/service-de-mots\/\" target=\"_blank\" rel=\"noreferrer noopener\"><strong>service de mots<\/strong><\/a><\/em> de Sarah Vanhee a \u00e9t\u00e9 presque hebdomadaire \u00e0 La Bellone. Lors de la pr\u00e9sentation publique du <strong>19 juin \u00e0 De Markten \u00e0 20h<\/strong>, vous aurez l&rsquo;occasion de lire plusieurs \u00e9crits qui ont vu le jour. Les fournisseuses de mots parleront de leurs exp\u00e9riences, de leurs id\u00e9es et de leurs observations, de l&rsquo;histoire de l&rsquo;\u00e9crivain.e public, de ce qui est difficile \u00e0 dire aujourd&rsquo;hui. <a href=\"https:\/\/www.bellone.be\/F\/event.asp?event=7654\" target=\"_blank\" rel=\"noreferrer noopener\"><strong>Plus d&rsquo;infos<\/strong><\/a>.<\/p>\n","protected":false},"excerpt":{"rendered":"<p>05.06.2024 \u2013 D&rsquo;avril \u00e0 juin, le service de mots de Sarah Vanhee a \u00e9t\u00e9 presque<\/p>\n","protected":false},"author":5,"featured_media":11659,"comment_status":"closed","ping_status":"closed","sticky":false,"template":"","format":"standard","meta":[],"categories":[1],"tags":[],"acf":[],"yoast_head":"<!-- This site is optimized with the Yoast SEO plugin v20.3 - https:\/\/yoast.com\/wordpress\/plugins\/seo\/ -->\n<title>Rencontre publique service de mots Bruxelles &ndash; Hiros<\/title>\n<meta name=\"robots\" content=\"index, follow, max-snippet:-1, max-image-preview:large, max-video-preview:-1\" \/>\n<link rel=\"canonical\" href=\"https:\/\/hiros.be\/fr\/rencontre-publique-service-de-mots-bruxelles\/\" \/>\n<meta property=\"og:locale\" content=\"fr_FR\" \/>\n<meta property=\"og:type\" content=\"article\" \/>\n<meta property=\"og:title\" content=\"Rencontre publique service de mots Bruxelles &ndash; Hiros\" \/>\n<meta property=\"og:description\" content=\"05.06.2024 \u2013 D&rsquo;avril \u00e0 juin, le service de mots de Sarah Vanhee a \u00e9t\u00e9 presque\" \/>\n<meta property=\"og:url\" content=\"https:\/\/hiros.be\/fr\/rencontre-publique-service-de-mots-bruxelles\/\" \/>\n<meta property=\"og:site_name\" content=\"Hiros\" \/>\n<meta property=\"article:published_time\" content=\"2024-06-05T10:23:16+00:00\" \/>\n<meta property=\"article:modified_time\" content=\"2024-06-05T10:23:17+00:00\" \/>\n<meta property=\"og:image\" content=\"https:\/\/hiros.be\/wp-content\/uploads\/2024\/06\/IMG_6866-scaled.jpeg\" \/>\n\t<meta property=\"og:image:width\" content=\"2560\" \/>\n\t<meta property=\"og:image:height\" content=\"1440\" \/>\n\t<meta property=\"og:image:type\" content=\"image\/jpeg\" \/>\n<meta name=\"author\" content=\"Dagmar Teurelincx\" \/>\n<meta name=\"twitter:card\" content=\"summary_large_image\" \/>\n<meta name=\"twitter:label1\" content=\"\u00c9crit par\" \/>\n\t<meta name=\"twitter:data1\" content=\"Dagmar Teurelincx\" \/>\n\t<meta name=\"twitter:label2\" content=\"Dur\u00e9e de lecture estim\u00e9e\" \/>\n\t<meta name=\"twitter:data2\" content=\"1 minute\" \/>\n<script type=\"application\/ld+json\" class=\"yoast-schema-graph\">{\"@context\":\"https:\/\/schema.org\",\"@graph\":[{\"@type\":\"Article\",\"@id\":\"https:\/\/hiros.be\/fr\/rencontre-publique-service-de-mots-bruxelles\/#article\",\"isPartOf\":{\"@id\":\"https:\/\/hiros.be\/fr\/rencontre-publique-service-de-mots-bruxelles\/\"},\"author\":{\"name\":\"Dagmar Teurelincx\",\"@id\":\"https:\/\/hiros.be\/en\/#\/schema\/person\/1d5315e21e564e12c8e0f36c0cd52ee4\"},\"headline\":\"Rencontre publique service de mots Bruxelles\",\"datePublished\":\"2024-06-05T10:23:16+00:00\",\"dateModified\":\"2024-06-05T10:23:17+00:00\",\"mainEntityOfPage\":{\"@id\":\"https:\/\/hiros.be\/fr\/rencontre-publique-service-de-mots-bruxelles\/\"},\"wordCount\":77,\"publisher\":{\"@id\":\"https:\/\/hiros.be\/en\/#organization\"},\"articleSection\":[\"Non classifi\u00e9(e)\"],\"inLanguage\":\"fr-FR\"},{\"@type\":\"WebPage\",\"@id\":\"https:\/\/hiros.be\/fr\/rencontre-publique-service-de-mots-bruxelles\/\",\"url\":\"https:\/\/hiros.be\/fr\/rencontre-publique-service-de-mots-bruxelles\/\",\"name\":\"Rencontre publique service de mots Bruxelles &ndash; Hiros\",\"isPartOf\":{\"@id\":\"https:\/\/hiros.be\/en\/#website\"},\"datePublished\":\"2024-06-05T10:23:16+00:00\",\"dateModified\":\"2024-06-05T10:23:17+00:00\",\"inLanguage\":\"fr-FR\",\"potentialAction\":[{\"@type\":\"ReadAction\",\"target\":[\"https:\/\/hiros.be\/fr\/rencontre-publique-service-de-mots-bruxelles\/\"]}]},{\"@type\":\"WebSite\",\"@id\":\"https:\/\/hiros.be\/en\/#website\",\"url\":\"https:\/\/hiros.be\/en\/\",\"name\":\"Hiros\",\"description\":\"\",\"publisher\":{\"@id\":\"https:\/\/hiros.be\/en\/#organization\"},\"potentialAction\":[{\"@type\":\"SearchAction\",\"target\":{\"@type\":\"EntryPoint\",\"urlTemplate\":\"https:\/\/hiros.be\/en\/?s={search_term_string}\"},\"query-input\":\"required name=search_term_string\"}],\"inLanguage\":\"fr-FR\"},{\"@type\":\"Organization\",\"@id\":\"https:\/\/hiros.be\/en\/#organization\",\"name\":\"Hiros\",\"url\":\"https:\/\/hiros.be\/en\/\",\"logo\":{\"@type\":\"ImageObject\",\"inLanguage\":\"fr-FR\",\"@id\":\"https:\/\/hiros.be\/en\/#\/schema\/logo\/image\/\",\"url\":\"https:\/\/hiros.be\/wp-content\/uploads\/2021\/07\/Hiros_logo-1.svg\",\"contentUrl\":\"https:\/\/hiros.be\/wp-content\/uploads\/2021\/07\/Hiros_logo-1.svg\",\"caption\":\"Hiros\"},\"image\":{\"@id\":\"https:\/\/hiros.be\/en\/#\/schema\/logo\/image\/\"}},{\"@type\":\"Person\",\"@id\":\"https:\/\/hiros.be\/en\/#\/schema\/person\/1d5315e21e564e12c8e0f36c0cd52ee4\",\"name\":\"Dagmar Teurelincx\",\"url\":\"https:\/\/hiros.be\/fr\/author\/dagmarhiros-be\/\"}]}<\/script>\n<!-- \/ Yoast SEO plugin. -->","yoast_head_json":{"title":"Rencontre publique service de mots Bruxelles &ndash; Hiros","robots":{"index":"index","follow":"follow","max-snippet":"max-snippet:-1","max-image-preview":"max-image-preview:large","max-video-preview":"max-video-preview:-1"},"canonical":"https:\/\/hiros.be\/fr\/rencontre-publique-service-de-mots-bruxelles\/","og_locale":"fr_FR","og_type":"article","og_title":"Rencontre publique service de mots Bruxelles &ndash; Hiros","og_description":"05.06.2024 \u2013 D&rsquo;avril \u00e0 juin, le service de mots de Sarah Vanhee a \u00e9t\u00e9 presque","og_url":"https:\/\/hiros.be\/fr\/rencontre-publique-service-de-mots-bruxelles\/","og_site_name":"Hiros","article_published_time":"2024-06-05T10:23:16+00:00","article_modified_time":"2024-06-05T10:23:17+00:00","og_image":[{"width":2560,"height":1440,"url":"https:\/\/hiros.be\/wp-content\/uploads\/2024\/06\/IMG_6866-scaled.jpeg","type":"image\/jpeg"}],"author":"Dagmar Teurelincx","twitter_card":"summary_large_image","twitter_misc":{"\u00c9crit par":"Dagmar Teurelincx","Dur\u00e9e de lecture estim\u00e9e":"1 minute"},"schema":{"@context":"https:\/\/schema.org","@graph":[{"@type":"Article","@id":"https:\/\/hiros.be\/fr\/rencontre-publique-service-de-mots-bruxelles\/#article","isPartOf":{"@id":"https:\/\/hiros.be\/fr\/rencontre-publique-service-de-mots-bruxelles\/"},"author":{"name":"Dagmar Teurelincx","@id":"https:\/\/hiros.be\/en\/#\/schema\/person\/1d5315e21e564e12c8e0f36c0cd52ee4"},"headline":"Rencontre publique service de mots Bruxelles","datePublished":"2024-06-05T10:23:16+00:00","dateModified":"2024-06-05T10:23:17+00:00","mainEntityOfPage":{"@id":"https:\/\/hiros.be\/fr\/rencontre-publique-service-de-mots-bruxelles\/"},"wordCount":77,"publisher":{"@id":"https:\/\/hiros.be\/en\/#organization"},"articleSection":["Non classifi\u00e9(e)"],"inLanguage":"fr-FR"},{"@type":"WebPage","@id":"https:\/\/hiros.be\/fr\/rencontre-publique-service-de-mots-bruxelles\/","url":"https:\/\/hiros.be\/fr\/rencontre-publique-service-de-mots-bruxelles\/","name":"Rencontre publique service de mots Bruxelles &ndash; Hiros","isPartOf":{"@id":"https:\/\/hiros.be\/en\/#website"},"datePublished":"2024-06-05T10:23:16+00:00","dateModified":"2024-06-05T10:23:17+00:00","inLanguage":"fr-FR","potentialAction":[{"@type":"ReadAction","target":["https:\/\/hiros.be\/fr\/rencontre-publique-service-de-mots-bruxelles\/"]}]},{"@type":"WebSite","@id":"https:\/\/hiros.be\/en\/#website","url":"https:\/\/hiros.be\/en\/","name":"Hiros","description":"","publisher":{"@id":"https:\/\/hiros.be\/en\/#organization"},"potentialAction":[{"@type":"SearchAction","target":{"@type":"EntryPoint","urlTemplate":"https:\/\/hiros.be\/en\/?s={search_term_string}"},"query-input":"required name=search_term_string"}],"inLanguage":"fr-FR"},{"@type":"Organization","@id":"https:\/\/hiros.be\/en\/#organization","name":"Hiros","url":"https:\/\/hiros.be\/en\/","logo":{"@type":"ImageObject","inLanguage":"fr-FR","@id":"https:\/\/hiros.be\/en\/#\/schema\/logo\/image\/","url":"https:\/\/hiros.be\/wp-content\/uploads\/2021\/07\/Hiros_logo-1.svg","contentUrl":"https:\/\/hiros.be\/wp-content\/uploads\/2021\/07\/Hiros_logo-1.svg","caption":"Hiros"},"image":{"@id":"https:\/\/hiros.be\/en\/#\/schema\/logo\/image\/"}},{"@type":"Person","@id":"https:\/\/hiros.be\/en\/#\/schema\/person\/1d5315e21e564e12c8e0f36c0cd52ee4","name":"Dagmar Teurelincx","url":"https:\/\/hiros.be\/fr\/author\/dagmarhiros-be\/"}]}},"_links":{"self":[{"href":"https:\/\/hiros.be\/fr\/wp-json\/wp\/v2\/posts\/11664"}],"collection":[{"href":"https:\/\/hiros.be\/fr\/wp-json\/wp\/v2\/posts"}],"about":[{"href":"https:\/\/hiros.be\/fr\/wp-json\/wp\/v2\/types\/post"}],"author":[{"embeddable":true,"href":"https:\/\/hiros.be\/fr\/wp-json\/wp\/v2\/users\/5"}],"replies":[{"embeddable":true,"href":"https:\/\/hiros.be\/fr\/wp-json\/wp\/v2\/comments?post=11664"}],"version-history":[{"count":1,"href":"https:\/\/hiros.be\/fr\/wp-json\/wp\/v2\/posts\/11664\/revisions"}],"predecessor-version":[{"id":11665,"href":"https:\/\/hiros.be\/fr\/wp-json\/wp\/v2\/posts\/11664\/revisions\/11665"}],"wp:featuredmedia":[{"embeddable":true,"href":"https:\/\/hiros.be\/fr\/wp-json\/wp\/v2\/media\/11659"}],"wp:attachment":[{"href":"https:\/\/hiros.be\/fr\/wp-json\/wp\/v2\/media?parent=11664"}],"wp:term":[{"taxonomy":"category","embeddable":true,"href":"https:\/\/hiros.be\/fr\/wp-json\/wp\/v2\/categories?post=11664"},{"taxonomy":"post_tag","embeddable":true,"href":"https:\/\/hiros.be\/fr\/wp-json\/wp\/v2\/tags?post=11664"}],"curies":[{"name":"wp","href":"https:\/\/api.w.org\/{rel}","templated":true}]}}